{"id":389,"date":"2020-08-04T09:35:24","date_gmt":"2020-08-04T09:35:24","guid":{"rendered":"https:\/\/eomed.org\/fr\/?p=389"},"modified":"2022-09-13T10:00:09","modified_gmt":"2022-09-13T10:00:09","slug":"e-omed-annonce-un-nouvel-appel-a-propositions-pour-2020","status":"publish","type":"post","link":"https:\/\/eomed.org\/fr\/e-omed-annonce-un-nouvel-appel-a-propositions-pour-2020\/","title":{"rendered":"e-OMED &#8211; Appel \u00e0 projets 2020"},"content":{"rendered":"\n<p>Cher\/Ch\u00e8re membre d&#8217;e-OMED,<\/p>\n\n\n\n<p>(et pour les membres du CA&nbsp; Cher\/Ch\u00e8re Coll\u00e8gue, Cher Ami\/Ch\u00e8re Amie)<br>Notre association a un r\u00f4le important \u00e0 jouer dans le cadre des relations entre pays m\u00e9diterran\u00e9ens et dans le d\u00e9veloppement des usages du num\u00e9rique \u00e0 des fins de formation ou de recherche. Ce r\u00f4le est sans aucun doute exacerb\u00e9 par la situation unique qui est impos\u00e9e par la crise sanitaire li\u00e9e au COVID-19. Je suis donc ravi, malgr\u00e9 les circonstances peu favorables dues au confinement, que nous ayons pu pr\u00e9parer sans retard, avec l&#8217;ensemble des membres du bureau,&nbsp;<strong>l&#8217;appel \u00e0 projets 2020&nbsp;<\/strong>&nbsp;et qu&#8217;aujourd&#8217;hui nous puissions le lancer.&nbsp;<br><br>Comme vous pourrez le constater, le sujet retenu: \u00abEVALUATION ET CERTIFICATION NUMERIQUES\u00bb correspond \u00e0 l&#8217;une des principales pr\u00e9occupations des \u00e9tablissements d&#8217;enseignement sup\u00e9rieur. Soucieux de pouvoir sensibiliser davantage de contributeurs, nous avons souhait\u00e9 rendre pour la premi\u00e8re fois cet appel ouvert \u00e0 des coll\u00e8gues -en tant qu&#8217;associ\u00e9s et non porteurs- dont l&#8217;institution qui n&#8217;est pas membre d&#8217;e-OMED. Nous proposons aussi pour la premi\u00e8re fois le texte de cet appel en&nbsp; version anglaise et arabe. N&#8217;h\u00e9sitez donc pas \u00e0 le diffuser largement autour de vous.&nbsp;<br><br>Cette th\u00e9matique d&#8217;actualit\u00e9 sera \u00e9galement celle de&nbsp;<strong>notre prochain colloque qui se tiendra&nbsp; les 22 et 23 mars 2021 \u00e0 Rome, Italie<\/strong>. Veuillez donc bien noter ces dates et les r\u00e9server dans votre agenda. Toutes les pr\u00e9cisions concernant cet \u00e9v\u00e9nement (inscriptions, lieux, programme, contributions scientifique,&#8230;&#8230;.) vous seront communiqu\u00e9es dans le courant du prochain trimestre. Ce colloque est co-organis\u00e9 avec UNINETTUNO, partenaire membre d&#8217;e-OMED et&nbsp; l&#8217;association internationale UNIMED.&nbsp;<br><br>Ce colloque sera suivi d&#8217;une demi-journ\u00e9e (le 23 mars apr\u00e8s-midi) consacr\u00e9e \u00e0&nbsp;<strong>l&#8217;Assembl\u00e9e G\u00e9n\u00e9rale&nbsp;<\/strong>de notre association.<br><br>N\u2019h\u00e9sitez pas \u00e0 nous contacter si vous aviez des questions au sujet de cet appel \u00e0 projet et de l&#8217;organisation de notre prochain colloque ou Assembl\u00e9e G\u00e9n\u00e9rale.&nbsp;<br><br>En vous remerciant de votre fid\u00e9lit\u00e9 et de votre soutien, et en esp\u00e9rant que vous pourrez proposer un projet, je vous prie de croire,&nbsp; Monsieur\/Madame le Pr\u00e9sident\/Directeur\/Directrice, Cher\/Ch\u00e8re membre d&#8217;e-OMED, (et pour les membres du CA Cher\/Ch\u00e8re Coll\u00e8gue, Cher Ami\/Ch\u00e8re Amie) en l&#8217;assurance de mes plus sinc\u00e8res salutations.&nbsp;<br><br>Fran\u00e7ois Henn<br>Pr\u00e9sident d&#8217;e-OMED<br> <\/p>\n\n\n\n<p><br><\/p>\n\n\n\n<ul class=\"wp-block-list\"><li> <a rel=\"noreferrer noopener\" aria-label=\" (opens in a new tab)\" href=\"https:\/\/eomed.org\/fr\/wp-content\/uploads\/sites\/2\/2020\/11\/e-Omed-Form-candidature-projet-2020_VFr-V1.pdf\" target=\"_blank\">Association Internationale Espace Num\u00e9rique Ouvert pour la M\u00e9diterran\u00e9e<\/a>  <\/li><li><a href=\"https:\/\/eomed.org\/fr\/wp-content\/uploads\/sites\/2\/2020\/11\/Appel-\u00e0-projets-e-Omed-2020_VFr-V1..pdf\" target=\"_blank\" rel=\"noreferrer noopener\" aria-label=\" (opens in a new tab)\">APPEL A PROJET 2020 <\/a><\/li><\/ul>\n\n\n<p><!--EndFragment--><\/p>\n<p><\/p>","protected":false},"excerpt":{"rendered":"<p>Cher\/Ch\u00e8re membre d&#8217;e-OMED, (et pour les membres du CA&nbsp; Cher\/Ch\u00e8re Coll\u00e8gue, Cher Ami\/Ch\u00e8re Amie)Notre association a un r\u00f4le important \u00e0 jouer dans le cadre des relations entre pays m\u00e9diterran\u00e9ens et dans le d\u00e9veloppement des usages du num\u00e9rique \u00e0 des fins de formation ou de recherche. Ce r\u00f4le est sans aucun doute exacerb\u00e9 par la situation &hellip; <\/p>\n<p class=\"link-more\"><a href=\"https:\/\/eomed.org\/fr\/e-omed-annonce-un-nouvel-appel-a-propositions-pour-2020\/\" class=\"more-link\">Continue reading<span class=\"screen-reader-text\"> &#8220;e-OMED &#8211; Appel \u00e0 projets 2020&#8221;<\/span><\/a><\/p>\n","protected":false},"author":1,"featured_media":0,"comment_status":"closed","ping_status":"closed","sticky":false,"template":"","format":"standard","meta":{"_acf_changed":false,"footnotes":""},"categories":[12],"tags":[],"class_list":["post-389","post","type-post","status-publish","format-standard","hentry","category-appel-a-projets","entry"],"acf":[],"featured_image_src":null,"author_info":{"display_name":"admin","author_link":"https:\/\/eomed.org\/fr\/author\/admin\/"},"_links":{"self":[{"href":"https:\/\/eomed.org\/fr\/wp-json\/wp\/v2\/posts\/389","targetHints":{"allow":["GET"]}}],"collection":[{"href":"https:\/\/eomed.org\/fr\/wp-json\/wp\/v2\/posts"}],"about":[{"href":"https:\/\/eomed.org\/fr\/wp-json\/wp\/v2\/types\/post"}],"author":[{"embeddable":true,"href":"https:\/\/eomed.org\/fr\/wp-json\/wp\/v2\/users\/1"}],"replies":[{"embeddable":true,"href":"https:\/\/eomed.org\/fr\/wp-json\/wp\/v2\/comments?post=389"}],"version-history":[{"count":3,"href":"https:\/\/eomed.org\/fr\/wp-json\/wp\/v2\/posts\/389\/revisions"}],"predecessor-version":[{"id":592,"href":"https:\/\/eomed.org\/fr\/wp-json\/wp\/v2\/posts\/389\/revisions\/592"}],"wp:attachment":[{"href":"https:\/\/eomed.org\/fr\/wp-json\/wp\/v2\/media?parent=389"}],"wp:term":[{"taxonomy":"category","embeddable":true,"href":"https:\/\/eomed.org\/fr\/wp-json\/wp\/v2\/categories?post=389"},{"taxonomy":"post_tag","embeddable":true,"href":"https:\/\/eomed.org\/fr\/wp-json\/wp\/v2\/tags?post=389"}],"curies":[{"name":"wp","href":"https:\/\/api.w.org\/{rel}","templated":true}]}}