{"id":603,"date":"2021-02-10T05:31:00","date_gmt":"2021-02-10T05:31:00","guid":{"rendered":"https:\/\/eomed.org\/fr\/?p=603"},"modified":"2022-09-13T09:59:42","modified_gmt":"2022-09-13T09:59:42","slug":"e-omed-appel-a-projets-2021","status":"publish","type":"post","link":"https:\/\/eomed.org\/fr\/e-omed-appel-a-projets-2021\/","title":{"rendered":"e-OMED &#8211; Appel \u00e0 projets 2021"},"content":{"rendered":"\n<h2 class=\"wp-block-heading\">1 &#8211; Contexte<\/h2>\n\n\n\n<p>L\u2019association e-Omed s\u2019appuie sur les relations de coop\u00e9ration interuniversitaires existantes entre les deux rives de la M\u00e9diterran\u00e9e et les r\u00e9alisations concr\u00e8tes accomplies dans ce cadre. Elle \u0153uvre \u00e0&nbsp;:<\/p>\n\n\n\n<ul class=\"wp-block-list\"><li>R\u00e9duire le foss\u00e9 num\u00e9rique entre les deux rives de la M\u00e9diterran\u00e9e&nbsp;;<\/li><li>Promouvoir le d\u00e9veloppement humain par l\u2019acc\u00e8s aux savoirs par tout public soumis \u00e0 des contraintes g\u00e9ographiques, \u00e9conomiques ou socioculturelles&nbsp;;<\/li><li>Promouvoir l\u2019enrichissement continu et la valorisation du patrimoine commun par la communaut\u00e9 utilisatrice.<\/li><\/ul>\n\n\n\n<p>A cet effet, l\u2019association lance aupr\u00e8s de ses membres un 7\u00e8me appel \u00e0 projets ouvert pour 2021. Les projets retenus doivent s\u2019inscrire dans les perspectives rappel\u00e9es ci-dessus. Les dimensions euro-m\u00e9diterran\u00e9enne et num\u00e9rique et l\u2019inscription dans une action de l\u2019enseignement sup\u00e9rieur sont les seules exigences de recevabilit\u00e9 des projets.<\/p>\n\n\n\n<h2 class=\"wp-block-heading\">2 &#8211; Principaux obejctifs<\/h2>\n\n\n\n<p>Les principaux objectifs vis\u00e9s par cet appel sont&nbsp;:<\/p>\n\n\n\n<ul class=\"wp-block-list\" start=\"2\"><li>La mutualisation et la mise en acc\u00e8s libre de ressources num\u00e9riques existantes.<\/li><li>La promotion de l\u2019utilisation des ressources mutualis\u00e9es en recourant \u00e0 des moyens de collaboration et d\u2019assistance, d\u2019adaptation, de r\u00e9utilisation et de formation des utilisateurs.<\/li><li>La promotion de la cr\u00e9ation de cursus internationaux.<\/li><li>Le soutien au d\u00e9veloppement de l\u2019usage des ressources dans un cadre collaboratif<br>m\u00e9diterran\u00e9en, en particulier pour r\u00e9pondre aux besoins de l\u2019enseignement de masse.<\/li><li>Le d\u00e9veloppement de projets de recherche et d&#8217;innovation autour de la th\u00e9matique des<br>TICE.<\/li><\/ul>\n\n\n\n<h2 class=\"wp-block-heading\">3 &#8211; Modalit\u00e9s de participation et crit\u00e8res de s\u00e9lection<\/h2>\n\n\n\n<ol class=\"wp-block-list\"><li>Les projets doivent \u00eatre appuy\u00e9s de fa\u00e7on officielle par les \u00e9tablissements partenaires dans une lettre d&#8217;engagement du repr\u00e9sentant l\u00e9gal de chacune des institutions associ\u00e9es aux projets.<\/li><li>Le porteur de projet doit \u00eatre membre d\u2019e-Omed. Les autres partenaires peuvent ne pas \u00eatre membres d&#8217;e-Omed au moment de la soumission du projet. Ils pourront \u00e0 tout moment pr\u00e9senter une demande d&#8217;adh\u00e9sion.<\/li><li>Le porteur et les partenaires associ\u00e9s au projet doivent \u00eatre de r\u00e9gions diff\u00e9rentes du monde. L\u2019un des associ\u00e9s, en sus du porteur, doit \u00eatre originaire de la zone m\u00e9diterran\u00e9enne.<\/li><li>Les projets doivent s\u2019adresser \u00e0 un grand nombre d\u2019usagers potentiels, le porteur de projet doit s\u2019assurer que le co\u00fbt ramen\u00e9 \u00e0 l\u2019usager reste raisonnable&nbsp;;<\/li><li>Les r\u00e9sultats des projets soutenus par e-Omed devront \u00eatre libre d\u2019acc\u00e8s pour tous les membres de l\u2019association pour des usages d\u2019int\u00e9r\u00eat collectif \u00e0 des fins non commerciales&nbsp;;<\/li><li>Les ressources produites porteront le logo d\u2019e-Omed et seront diffus\u00e9es en libre acc\u00e8s sur le site d\u2019e-Omed&nbsp;;<\/li><li>Les projets doivent dans toute la mesure du possible pouvoir s\u2019int\u00e9grer dans un cycle de formation de type Licence, Master, Doctorat, dipl\u00f4me d\u2019ing\u00e9nieur ou dipl\u00f4mes de sp\u00e9cialit\u00e9. Ce peut \u00eatre d\u2019une formation initiale ou tout-au-long-de-la-vie<\/li><li>Les co-financements constituent un \u00e9l\u00e9ment pour l\u2019appr\u00e9ciation des projets&nbsp;;<\/li><li>Les projets doivent permettre une appropriation et une maintenance ais\u00e9e des enseignants autres que leurs auteurs&nbsp;;<\/li><li>Les projets se d\u00e9roulent sur un d\u00e9lai de 18 mois&nbsp;;<\/li><li>Le porteur assumera la responsabilit\u00e9, dans les d\u00e9lais, de:<ul><li>D\u00e9velopper le projet,<\/li><li>D\u00e9ployer les livrables,<\/li><li>Pr\u00e9senter des rapports \u00e9crits (interm\u00e9diaire et final) \u00e0 fournir \u00e0 l\u2019association en application de la convention sign\u00e9e apr\u00e8s s\u00e9lection du projet.<\/li><\/ul><\/li><\/ol>\n\n\n\n<h2 class=\"wp-block-heading\">4 &#8211; Processus de s\u00e9lection<\/h2>\n\n\n\n<p>Le dossier complet doit \u00eatre :<\/p>\n\n\n\n<ul class=\"wp-block-list\"><li>sign\u00e9 par le (s) responsable (s) scientifique (s) du projet et par le repr\u00e9sentant l\u00e9gal de l\u00b4\u00e9tablissement porteur du projet.<\/li><li>envoy\u00e9 par mail \u00e0 Mmes Molka BEL CADHI et Catherine BARREAU aux adresses mail suivantes&nbsp; &#8211; AU PLUS TARD LE 06 avril 2021 (d\u00e9lai de rigueur)&nbsp;:<ul><li><a href=\"mailto:molka.belcadhi@eomed.org\" target=\"_blank\" rel=\"noreferrer noopener\">molka.belcadhi@eomed.org<\/a><\/li><li><a href=\"mailto:catherine.barreau@eomed.org\" target=\"_blank\" rel=\"noreferrer noopener\">catherine.barreau@eomed.org<\/a><\/li><\/ul><\/li><\/ul>\n\n\n\n<p>L\u2019\u00e9valuation des projets est effectu\u00e9e par le Bureau d\u2019e-Omed qui \u00e9tablit une liste en \u00e9mettant un avis et un classement. Les projets sont retenus \u00e0 concurrence des financements disponibles. La liste des projets retenus et les montants des subventions seront arr\u00eat\u00e9s par le conseil d\u2019administration d\u2019e-Omed d\u00e9but mai 2021.<br><\/p>\n\n\n\n<p>Pour toute question merci de prendre contact avec&nbsp;: <a href=\"mailto:catherine.barreau@eomed.org\" target=\"_blank\" rel=\"noreferrer noopener\">catherine.barreau@eomed.org<\/a> .<\/p>\n\n\n\n<h2 class=\"wp-block-heading\">5 &#8211;  Financement des projets <\/h2>\n\n\n\n<p>Le financement demand\u00e9 s\u2019\u00e9l\u00e8vera au maximum \u00e0&nbsp;15&nbsp;000 \u20ac. Le (s) partenaire (s) non membres d\u2019e-Omed ne peuvent b\u00e9n\u00e9ficier que de 50% au maximum du financement attribu\u00e9 par l\u2019association. Le versement de la subvention s\u2019effectuera en deux tranches&nbsp;: 50% apr\u00e8s remise du premier rapport (mois 6), 50% \u00e0 la fin du projet, sur pr\u00e9sentation des livrables, de la disponibilit\u00e9 en ligne des ressources produites et d\u2019un rapport final incluant entre autres tous les justificatifs de d\u00e9penses. Tout retard sup\u00e9rieur \u00e0 12 mois entra\u00eenera le remboursement des sommes avanc\u00e9es.<\/p>\n\n\n\n<h2 class=\"wp-block-heading\">6 &#8211; Principales \u00e9ch\u00e9ances<\/h2>\n\n\n\n<figure class=\"wp-block-table\"><table><tbody><tr><td>F\u00e9vrier 2021<\/td><td>Lancement de l\u2019Appel \u00e0 Projets<br><a rel=\"noreferrer noopener\" href=\"https:\/\/eomed.org\/fr\/wp-content\/uploads\/sites\/2\/2022\/09\/e-Omed-Form-candidature-projet-2021_VFr.docx\" target=\"_blank\" data-type=\"URL\">Formulaire de candidature<\/a><\/td><\/tr><tr><td>6 avril 2021<\/td><td>Date limite d\u2019envoi des formulaires de candidature aux adresses mail suivantes&nbsp;:<br><a href=\"mailto:molka.belcadhi@eomed.org\">molka.belcadhi@eomed.org<\/a> , <br><a href=\"mailto:catherine.barreau@eomed.org\">catherine.barreau@eomed.org<\/a> &nbsp; &nbsp;<\/td><\/tr><tr><td>Mai-juin 2021<\/td><td>Traitement des dossiers et \u00e9valuation des projets par le Bureau d\u2019e-Omed<\/td><\/tr><tr><td>Juin 2021<\/td><td>S\u00e9lection des projets et transmission des d\u00e9cisions du Conseil d\u2019administration aux responsables des projets<\/td><\/tr><tr><td>Et\u00e9 2021<\/td><td>Signature des conventions et d\u00e9marrage des projets<strong><\/strong><\/td><\/tr><tr><td>Juillet 2021<\/td><td>Pr\u00e9sentation des projets s\u00e9lectionn\u00e9s lors de l\u2019assembl\u00e9e g\u00e9n\u00e9rale et du colloque e-OMED<\/td><\/tr><tr><td>Hiver 2022<\/td><td>Envoi du 1<sup>er<\/sup> rapport d\u2019avancement et versement de la premi\u00e8re tranche correspondant \u00e0 50% du financement<\/td><\/tr><tr><td>Hiver 2023<\/td><td>Cl\u00f4ture des projets, envoi du rapport final et r\u00e8glement de la deuxi\u00e8me tranche de la subvention correspondant \u00e0 50% du financement<\/td><\/tr><\/tbody><\/table><\/figure>\n","protected":false},"excerpt":{"rendered":"<p>1 &#8211; Contexte L\u2019association e-Omed s\u2019appuie sur les relations de coop\u00e9ration interuniversitaires existantes entre les deux rives de la M\u00e9diterran\u00e9e et les r\u00e9alisations concr\u00e8tes accomplies dans ce cadre. Elle \u0153uvre \u00e0&nbsp;: R\u00e9duire le foss\u00e9 num\u00e9rique entre les deux rives de la M\u00e9diterran\u00e9e&nbsp;; Promouvoir le d\u00e9veloppement humain par l\u2019acc\u00e8s aux savoirs par tout public soumis \u00e0 &hellip; <\/p>\n<p class=\"link-more\"><a href=\"https:\/\/eomed.org\/fr\/e-omed-appel-a-projets-2021\/\" class=\"more-link\">Continue reading<span class=\"screen-reader-text\"> &#8220;e-OMED &#8211; Appel \u00e0 projets 2021&#8221;<\/span><\/a><\/p>\n","protected":false},"author":1,"featured_media":0,"comment_status":"closed","ping_status":"closed","sticky":false,"template":"","format":"standard","meta":{"_acf_changed":false,"footnotes":""},"categories":[12],"tags":[],"class_list":["post-603","post","type-post","status-publish","format-standard","hentry","category-appel-a-projets","entry"],"acf":[],"featured_image_src":null,"author_info":{"display_name":"admin","author_link":"https:\/\/eomed.org\/fr\/author\/admin\/"},"_links":{"self":[{"href":"https:\/\/eomed.org\/fr\/wp-json\/wp\/v2\/posts\/603","targetHints":{"allow":["GET"]}}],"collection":[{"href":"https:\/\/eomed.org\/fr\/wp-json\/wp\/v2\/posts"}],"about":[{"href":"https:\/\/eomed.org\/fr\/wp-json\/wp\/v2\/types\/post"}],"author":[{"embeddable":true,"href":"https:\/\/eomed.org\/fr\/wp-json\/wp\/v2\/users\/1"}],"replies":[{"embeddable":true,"href":"https:\/\/eomed.org\/fr\/wp-json\/wp\/v2\/comments?post=603"}],"version-history":[{"count":5,"href":"https:\/\/eomed.org\/fr\/wp-json\/wp\/v2\/posts\/603\/revisions"}],"predecessor-version":[{"id":610,"href":"https:\/\/eomed.org\/fr\/wp-json\/wp\/v2\/posts\/603\/revisions\/610"}],"wp:attachment":[{"href":"https:\/\/eomed.org\/fr\/wp-json\/wp\/v2\/media?parent=603"}],"wp:term":[{"taxonomy":"category","embeddable":true,"href":"https:\/\/eomed.org\/fr\/wp-json\/wp\/v2\/categories?post=603"},{"taxonomy":"post_tag","embeddable":true,"href":"https:\/\/eomed.org\/fr\/wp-json\/wp\/v2\/tags?post=603"}],"curies":[{"name":"wp","href":"https:\/\/api.w.org\/{rel}","templated":true}]}}